{"id":557,"date":"2023-10-04T20:46:53","date_gmt":"2023-10-04T18:46:53","guid":{"rendered":"http:\/\/chessllermo.com\/?p=557"},"modified":"2023-10-04T20:46:53","modified_gmt":"2023-10-04T18:46:53","slug":"club-escacs-lleida-divisio-honor","status":"publish","type":"post","link":"https:\/\/www.guillembaches.com\/ajedrez\/club-escacs-lleida-divisio-honor\/","title":{"rendered":"El Club Escacs Lleida a Divisi\u00f3 d&#039;Honor Catalana"},"content":{"rendered":"<p>El <strong>Club Escacs Lleida<\/strong> s&#8217;ha proclamat <strong>Campi\u00f3 de la Primera Divisi\u00f3 Catalana<\/strong> despr\u00e8s d&#8217;aconseguir 8 vict\u00f2ries i un empat obtenint aix\u00ed l&#8217;ascens a la <strong>Divisi\u00f3 d&#8217;Honor<\/strong>.<\/p>\n<p>La novena i darrera jornada, en la que l&#8217;equip lleidat\u00e0 depenia d&#8217;ell mateix per aconseguir l&#8217;ascens amb una vict\u00f2ria, va resultar positiva amb <strong>un ample resultat de 9,5 a 0,5 contra La Lira que finalment ha evitat el descens tot i la derrota.<\/strong><\/p>\n<p>L&#8217;equip lleidat\u00e0 titular ha estat format per el <strong>GM Josep Oms<\/strong>, els MF cubans <strong>Sandro Pozo<\/strong> i <strong>Aramis Alvarez<\/strong>, el Mestre Internacional colombi\u00e0 <strong> Jorge Gonzalez<\/strong>, el Mestre Internacional lleidat\u00e0 <a href=\"https:\/\/chessllermo.com\" target=\"_blank\" rel=\"noopener\">Guillem Baches<\/a> i els Mestres Catalans locals <strong>Joan Trepat<\/strong>, <strong>Mario Bruned<\/strong>, <strong>Jos\u00e9 Mar\u00eda Rodriguez<\/strong>, <strong>David Monell<\/strong> i<strong> Josep Codina<\/strong>.<\/p>\n<p>D&#8217;altra banda, el <strong>Club Escacs Balaguer<\/strong>, amb cinc vict\u00f2ries, tres derrotes i un empat, ha aconseguit una merit\u00f2ria tercera posici\u00f3 que el mant\u00e9 a la categoria un any m\u00e9s.<\/p>\n<p><strong>Enhorabona als equips lleidatans!<\/strong><\/p>\n<p>La meva darrera partida | Baches, G &#8211; Severri<\/p>\n<p>M\u00e9s info | Federaci\u00f3 Catalana d&#8217;Escacs<\/p>\n","protected":false},"excerpt":{"rendered":"<p>El Club Escacs Lleida s&#8217;ha proclamat Campi\u00f3 de la Primera Divisi\u00f3 Catalana despr\u00e8s d&#8217;aconseguir 8 vict\u00f2ries i un empat obtenint aix\u00ed l&#8217;ascens a la Divisi\u00f3 d&#8217;Honor. La novena i darrera jornada, en la que l&#8217;equip&#8230;<\/p>\n","protected":false},"author":2,"featured_media":0,"comment_status":"open","ping_status":"closed","sticky":false,"template":"","format":"standard","meta":{"_kadence_starter_templates_imported_post":false,"_kad_post_transparent":"","_kad_post_title":"","_kad_post_layout":"","_kad_post_sidebar_id":"","_kad_post_content_style":"","_kad_post_vertical_padding":"","_kad_post_feature":"","_kad_post_feature_position":"","_kad_post_header":false,"_kad_post_footer":false,"footnotes":""},"categories":[12],"tags":[],"class_list":["post-557","post","type-post","status-publish","format-standard","hentry","category-12"],"wps_subtitle":"","_links":{"self":[{"href":"https:\/\/www.guillembaches.com\/ajedrez\/wp-json\/wp\/v2\/posts\/557","targetHints":{"allow":["GET"]}}],"collection":[{"href":"https:\/\/www.guillembaches.com\/ajedrez\/wp-json\/wp\/v2\/posts"}],"about":[{"href":"https:\/\/www.guillembaches.com\/ajedrez\/wp-json\/wp\/v2\/types\/post"}],"author":[{"embeddable":true,"href":"https:\/\/www.guillembaches.com\/ajedrez\/wp-json\/wp\/v2\/users\/2"}],"replies":[{"embeddable":true,"href":"https:\/\/www.guillembaches.com\/ajedrez\/wp-json\/wp\/v2\/comments?post=557"}],"version-history":[{"count":0,"href":"https:\/\/www.guillembaches.com\/ajedrez\/wp-json\/wp\/v2\/posts\/557\/revisions"}],"wp:attachment":[{"href":"https:\/\/www.guillembaches.com\/ajedrez\/wp-json\/wp\/v2\/media?parent=557"}],"wp:term":[{"taxonomy":"category","embeddable":true,"href":"https:\/\/www.guillembaches.com\/ajedrez\/wp-json\/wp\/v2\/categories?post=557"},{"taxonomy":"post_tag","embeddable":true,"href":"https:\/\/www.guillembaches.com\/ajedrez\/wp-json\/wp\/v2\/tags?post=557"}],"curies":[{"name":"wp","href":"https:\/\/api.w.org\/{rel}","templated":true}]}}