{"id":1787,"date":"2023-10-05T16:12:15","date_gmt":"2023-10-05T14:12:15","guid":{"rendered":"http:\/\/chessllermo.com\/?p=1787"},"modified":"2023-10-05T16:12:15","modified_gmt":"2023-10-05T14:12:15","slug":"valencia-cuna-del-ajedrez-moderno","status":"publish","type":"post","link":"https:\/\/www.guillembaches.com\/ajedrez\/valencia-cuna-del-ajedrez-moderno\/","title":{"rendered":"VALENCIA CUNA DEL AJEDREZ MODERNO"},"content":{"rendered":"<div class=\"clear\"><\/div>\n<p id=\"txtNoticia\"><strong>Anatoli Karpov y Gary Kasparov volver\u00e1n a reencontrarse en un tablero de ajedrez 25 a\u00f1os despu\u00e9s del duelo hist\u00f3rico por el t\u00edtulo mundial. <\/strong>Ambos jugadores, que mantuvieron una lucha m\u00e1s all\u00e1 del deporte de 1984 a 1990, volver\u00e1n a medir sus fuerzas del 21 al 25 de septiembre en Valencia.<\/p>\n<p>Un duelo a 12 partidas, 4 semirr\u00e1pidas y 8 r\u00e1pidas que se enmarca dentro del conjunto de actos que reivindican la ciudad como cuna del ajedrez moderno.<\/p>\n<p><object width=\"425\" height=\"344\" classid=\"clsid:d27cdb6e-ae6d-11cf-96b8-444553540000\" codebase=\"http:\/\/download.macromedia.com\/pub\/shockwave\/cabs\/flash\/swflash.cab#version=6,0,40,0\"><param name=\"allowFullScreen\" value=\"true\" \/><param name=\"allowScriptAccess\" value=\"always\" \/><param name=\"src\" value=\"http:\/\/www.youtube.com\/v\/o9cuTBhPSuM&amp;color1=0xb1b1b1&amp;color2=0xcfcfcf&amp;hl=es&amp;feature=player_embedded&amp;fs=1\" \/><param name=\"allowfullscreen\" value=\"true\" \/><embed type=\"application\/x-shockwave-flash\" width=\"425\" height=\"344\" src=\"http:\/\/www.youtube.com\/v\/o9cuTBhPSuM&amp;color1=0xb1b1b1&amp;color2=0xcfcfcf&amp;hl=es&amp;feature=player_embedded&amp;fs=1\" allowscriptaccess=\"always\" allowfullscreen=\"allowfullscreen\" \/><\/object><\/p>\n<p>Enlace | <strong>Match Kasparov karpov en Valencia<\/strong><\/p>\n","protected":false},"excerpt":{"rendered":"<p>Anatoli Karpov y Gary Kasparov volver\u00e1n a reencontrarse en un tablero de ajedrez 25 a\u00f1os despu\u00e9s del duelo hist\u00f3rico por el t\u00edtulo mundial. Ambos jugadores, que mantuvieron una lucha m\u00e1s all\u00e1 del deporte de 1984&#8230;<\/p>\n","protected":false},"author":2,"featured_media":1788,"comment_status":"open","ping_status":"closed","sticky":false,"template":"","format":"standard","meta":{"_kadence_starter_templates_imported_post":false,"_kad_post_transparent":"","_kad_post_title":"","_kad_post_layout":"","_kad_post_sidebar_id":"","_kad_post_content_style":"","_kad_post_vertical_padding":"","_kad_post_feature":"","_kad_post_feature_position":"","_kad_post_header":false,"_kad_post_footer":false,"footnotes":""},"categories":[12],"tags":[],"class_list":["post-1787","post","type-post","status-publish","format-standard","has-post-thumbnail","hentry","category-12"],"wps_subtitle":"","_links":{"self":[{"href":"https:\/\/www.guillembaches.com\/ajedrez\/wp-json\/wp\/v2\/posts\/1787","targetHints":{"allow":["GET"]}}],"collection":[{"href":"https:\/\/www.guillembaches.com\/ajedrez\/wp-json\/wp\/v2\/posts"}],"about":[{"href":"https:\/\/www.guillembaches.com\/ajedrez\/wp-json\/wp\/v2\/types\/post"}],"author":[{"embeddable":true,"href":"https:\/\/www.guillembaches.com\/ajedrez\/wp-json\/wp\/v2\/users\/2"}],"replies":[{"embeddable":true,"href":"https:\/\/www.guillembaches.com\/ajedrez\/wp-json\/wp\/v2\/comments?post=1787"}],"version-history":[{"count":0,"href":"https:\/\/www.guillembaches.com\/ajedrez\/wp-json\/wp\/v2\/posts\/1787\/revisions"}],"wp:featuredmedia":[{"embeddable":true,"href":"https:\/\/www.guillembaches.com\/ajedrez\/wp-json\/"}],"wp:attachment":[{"href":"https:\/\/www.guillembaches.com\/ajedrez\/wp-json\/wp\/v2\/media?parent=1787"}],"wp:term":[{"taxonomy":"category","embeddable":true,"href":"https:\/\/www.guillembaches.com\/ajedrez\/wp-json\/wp\/v2\/categories?post=1787"},{"taxonomy":"post_tag","embeddable":true,"href":"https:\/\/www.guillembaches.com\/ajedrez\/wp-json\/wp\/v2\/tags?post=1787"}],"curies":[{"name":"wp","href":"https:\/\/api.w.org\/{rel}","templated":true}]}}